{"id":440,"date":"2024-05-13T21:45:20","date_gmt":"2024-05-13T19:45:20","guid":{"rendered":"https:\/\/fwg-vg-landstuhl.de\/queidersbach\/?p=440"},"modified":"2024-05-18T13:48:01","modified_gmt":"2024-05-18T11:48:01","slug":"15-otto-schey","status":"publish","type":"post","link":"https:\/\/fwg-vg-landstuhl.de\/queidersbach\/2024\/05\/13\/15-otto-schey\/","title":{"rendered":"15 &#8211; Otto Schey"},"content":{"rendered":"<p>[et_pb_section fb_built=&#8220;1&#8243; _builder_version=&#8220;4.16&#8243; global_colors_info=&#8220;{}&#8220;][et_pb_row column_structure=&#8220;2_3,1_3&#8243; _builder_version=&#8220;4.16&#8243; background_size=&#8220;initial&#8220; background_position=&#8220;top_left&#8220; background_repeat=&#8220;repeat&#8220; global_colors_info=&#8220;{}&#8220;][et_pb_column type=&#8220;2_3&#8243; _builder_version=&#8220;4.16&#8243; custom_padding=&#8220;|||&#8220; global_colors_info=&#8220;{}&#8220; custom_padding__hover=&#8220;|||&#8220;][et_pb_post_title meta=&#8220;off&#8220; featured_image=&#8220;off&#8220; admin_label=&#8220;Titel der Seite&#8220; _builder_version=&#8220;4.16&#8243; z_index_tablet=&#8220;500&#8243; global_colors_info=&#8220;{}&#8220;][\/et_pb_post_title][et_pb_image src=&#8220;@ET-DC@eyJkeW5hbWljIjp0cnVlLCJjb250ZW50IjoicG9zdF9mZWF0dXJlZF9pbWFnZSIsInNldHRpbmdzIjp7fX0=@&#8220; _builder_version=&#8220;4.24.2&#8243; _dynamic_attributes=&#8220;src&#8220; _module_preset=&#8220;default&#8220; global_colors_info=&#8220;{}&#8220;][\/et_pb_image][et_pb_text _builder_version=&#8220;4.24.2&#8243; z_index_tablet=&#8220;500&#8243; global_colors_info=&#8220;{}&#8220;]<\/p>\n<p>63 Jahre, Kfz-Mechaniker<\/p>\n<p>&nbsp;<\/p>\n<p lang=\"de-DE\" align=\"left\"><strong><span style=\"color: #00519e;\">Was m\u00f6chtest Du f\u00fcr Queidersbach erreichen?<\/span><\/strong><\/p>\n<p>Gleichberechtigung, eine L\u00f6sung der \u00e4rztlichen Versorgung, dass sich im Dorf was tut z.B. Stra\u00dfeninstandsetzung, Ordnung Friedhof, Kinderbetreuung (Kindergarten) Feldwege verbessern, zum Nutzen des Dorfes beitragen.<\/p>\n<p lang=\"de-DE\" align=\"left\"><strong><span style=\"color: #00519e;\">Was ist dein Lieblingsort in Queidersbach?<\/span><\/strong><\/p>\n<p>Das Rosental \ud83d\ude42<\/p>\n<p>&nbsp;<\/p>\n<p>[\/et_pb_text][\/et_pb_column][et_pb_column type=&#8220;1_3&#8243; _builder_version=&#8220;4.16&#8243; custom_padding=&#8220;|||&#8220; global_colors_info=&#8220;{}&#8220; custom_padding__hover=&#8220;|||&#8220;][et_pb_search exclude_pages=&#8220;off&#8220; placeholder=&#8220;Suche&#8220; _builder_version=&#8220;4.16&#8243; z_index_tablet=&#8220;500&#8243; input_text_shadow_horizontal_length=&#8220;input_text_shadow_style,%91object Object%93&#8243; input_text_shadow_vertical_length=&#8220;input_text_shadow_style,%91object Object%93&#8243; input_text_shadow_blur_strength=&#8220;input_text_shadow_style,%91object Object%93&#8243; saved_tabs=&#8220;all&#8220; global_colors_info=&#8220;{}&#8220;][\/et_pb_search][et_pb_countdown_timer title=&#8220;Am 09. Juni ist Wahl!&#8220; date_time=&#8220;2024-06-09 08:00&#8243; _builder_version=&#8220;4.24.2&#8243; use_background_color=&#8220;off&#8220; use_background_color_gradient=&#8220;on&#8220; background_color_gradient_type=&#8220;circular&#8220; background_color_gradient_stops=&#8220;rgba(74,117,158,0.15) 15%|rgba(0,83,159,0.25) 100%&#8220; background_color_gradient_start=&#8220;rgba(74,117,158,0.15)&#8220; background_color_gradient_start_position=&#8220;15%&#8220; background_color_gradient_end=&#8220;rgba(0,83,159,0.25)&#8220; vertical_offset_tablet=&#8220;0&#8243; horizontal_offset_tablet=&#8220;0&#8243; text_orientation=&#8220;left&#8220; background_layout=&#8220;light&#8220; custom_padding=&#8220;20px|20px|20px|20px&#8220; z_index_tablet=&#8220;500&#8243; separator_text_shadow_horizontal_length_tablet=&#8220;0px&#8220; separator_text_shadow_vertical_length_tablet=&#8220;0px&#8220; separator_text_shadow_blur_strength_tablet=&#8220;1px&#8220; border_radii=&#8220;on|15px|15px|15px|15px&#8220; box_shadow_style=&#8220;preset2&#8243; global_module=&#8220;223&#8243; saved_tabs=&#8220;all&#8220; global_colors_info=&#8220;{}&#8220;][\/et_pb_countdown_timer][et_pb_text admin_label=&#8220;Kontakt&#8220; _builder_version=&#8220;4.16&#8243; use_background_color_gradient=&#8220;on&#8220; background_color_gradient_type=&#8220;circular&#8220; background_color_gradient_stops=&#8220;rgba(74,117,158,0.15) 15%|rgba(0,83,159,0.25) 100%&#8220; background_color_gradient_start=&#8220;rgba(74,117,158,0.15)&#8220; background_color_gradient_start_position=&#8220;15%&#8220; background_color_gradient_end=&#8220;rgba(0,83,159,0.25)&#8220; custom_margin=&#8220;||20px|&#8220; custom_padding=&#8220;20px|20px|20px|20px&#8220; background_color_gradient_stops_tablet=&#8220;rgba(74,117,158,0.15) 15%|rgba(0,83,159,0.25) 100%&#8220; background_color_gradient_stops_phone=&#8220;rgba(74,117,158,0.15) 15%|rgba(0,83,159,0.25) 100%&#8220; z_index_tablet=&#8220;500&#8243; border_radii=&#8220;on|15px|15px|15px|15px&#8220; box_shadow_style=&#8220;preset2&#8243; global_module=&#8220;224&#8243; saved_tabs=&#8220;all&#8220; global_colors_info=&#8220;{}&#8220;]<\/p>\n<h3><span style=\"color: #000000;\">Kontakt zur FWG<\/span><\/h3>\n<p><span style=\"color: #000000;\">FWG \u2013 Freie W\u00e4hlergruppe Ortsgemeinde Queidersbach e.V.<br \/>J\u00fcrgen Schmitt<br \/>Zum Woogacker 48<br \/>66851 Queidersbach<br \/>E-Mail: ju-sch@kabelmail.de<br \/><\/span><\/p>\n<p>[\/et_pb_text][\/et_pb_column][\/et_pb_row][\/et_pb_section]<\/p>\n","protected":false},"excerpt":{"rendered":"<p>63 Jahre, Kfz-Mechaniker &nbsp; Was m\u00f6chtest Du f\u00fcr Queidersbach erreichen? Gleichberechtigung, eine L\u00f6sung der \u00e4rztlichen Versorgung, dass sich im Dorf was tut z.B. Stra\u00dfeninstandsetzung, Ordnung Friedhof, Kinderbetreuung (Kindergarten) Feldwege verbessern, zum Nutzen des Dorfes beitragen. Was ist dein Lieblingsort in Queidersbach? Das Rosental \ud83d\ude42 &nbsp;Kontakt zur FWG FWG \u2013 Freie W\u00e4hlergruppe Ortsgemeinde Queidersbach e.V.J\u00fcrgen SchmittZum [&hellip;]<\/p>\n","protected":false},"author":1,"featured_media":447,"comment_status":"closed","ping_status":"open","sticky":false,"template":"","format":"standard","meta":{"_et_pb_use_builder":"on","_et_pb_old_content":"","_et_gb_content_width":"","footnotes":""},"categories":[7],"tags":[],"class_list":["post-440","post","type-post","status-publish","format-standard","has-post-thumbnail","hentry","category-kandidaten-zur-kommunalwahl-2024"],"_links":{"self":[{"href":"https:\/\/fwg-vg-landstuhl.de\/queidersbach\/wp-json\/wp\/v2\/posts\/440","targetHints":{"allow":["GET"]}}],"collection":[{"href":"https:\/\/fwg-vg-landstuhl.de\/queidersbach\/wp-json\/wp\/v2\/posts"}],"about":[{"href":"https:\/\/fwg-vg-landstuhl.de\/queidersbach\/wp-json\/wp\/v2\/types\/post"}],"author":[{"embeddable":true,"href":"https:\/\/fwg-vg-landstuhl.de\/queidersbach\/wp-json\/wp\/v2\/users\/1"}],"replies":[{"embeddable":true,"href":"https:\/\/fwg-vg-landstuhl.de\/queidersbach\/wp-json\/wp\/v2\/comments?post=440"}],"version-history":[{"count":5,"href":"https:\/\/fwg-vg-landstuhl.de\/queidersbach\/wp-json\/wp\/v2\/posts\/440\/revisions"}],"predecessor-version":[{"id":529,"href":"https:\/\/fwg-vg-landstuhl.de\/queidersbach\/wp-json\/wp\/v2\/posts\/440\/revisions\/529"}],"wp:featuredmedia":[{"embeddable":true,"href":"https:\/\/fwg-vg-landstuhl.de\/queidersbach\/wp-json\/wp\/v2\/media\/447"}],"wp:attachment":[{"href":"https:\/\/fwg-vg-landstuhl.de\/queidersbach\/wp-json\/wp\/v2\/media?parent=440"}],"wp:term":[{"taxonomy":"category","embeddable":true,"href":"https:\/\/fwg-vg-landstuhl.de\/queidersbach\/wp-json\/wp\/v2\/categories?post=440"},{"taxonomy":"post_tag","embeddable":true,"href":"https:\/\/fwg-vg-landstuhl.de\/queidersbach\/wp-json\/wp\/v2\/tags?post=440"}],"curies":[{"name":"wp","href":"https:\/\/api.w.org\/{rel}","templated":true}]}}