{"id":393,"date":"2024-05-13T21:52:04","date_gmt":"2024-05-13T19:52:04","guid":{"rendered":"https:\/\/fwg-vg-landstuhl.de\/queidersbach\/?p=393"},"modified":"2024-05-18T13:48:00","modified_gmt":"2024-05-18T11:48:00","slug":"9-markus-germann","status":"publish","type":"post","link":"https:\/\/fwg-vg-landstuhl.de\/queidersbach\/2024\/05\/13\/9-markus-germann\/","title":{"rendered":"9 &#8211; Markus Germann"},"content":{"rendered":"<p>[et_pb_section fb_built=&#8220;1&#8243; _builder_version=&#8220;4.16&#8243; global_colors_info=&#8220;{}&#8220;][et_pb_row column_structure=&#8220;2_3,1_3&#8243; _builder_version=&#8220;4.16&#8243; background_size=&#8220;initial&#8220; background_position=&#8220;top_left&#8220; background_repeat=&#8220;repeat&#8220; global_colors_info=&#8220;{}&#8220;][et_pb_column type=&#8220;2_3&#8243; _builder_version=&#8220;4.16&#8243; custom_padding=&#8220;|||&#8220; global_colors_info=&#8220;{}&#8220; custom_padding__hover=&#8220;|||&#8220;][et_pb_post_title meta=&#8220;off&#8220; featured_image=&#8220;off&#8220; admin_label=&#8220;Titel der Seite&#8220; _builder_version=&#8220;4.16&#8243; z_index_tablet=&#8220;500&#8243; global_colors_info=&#8220;{}&#8220;][\/et_pb_post_title][et_pb_image src=&#8220;@ET-DC@eyJkeW5hbWljIjp0cnVlLCJjb250ZW50IjoicG9zdF9mZWF0dXJlZF9pbWFnZSIsInNldHRpbmdzIjp7fX0=@&#8220; _builder_version=&#8220;4.24.2&#8243; _dynamic_attributes=&#8220;src&#8220; _module_preset=&#8220;default&#8220; global_colors_info=&#8220;{}&#8220; theme_builder_area=&#8220;post_content&#8220;][\/et_pb_image][et_pb_text _builder_version=&#8220;4.24.2&#8243; hover_enabled=&#8220;0&#8243; z_index_tablet=&#8220;500&#8243; global_colors_info=&#8220;{}&#8220; sticky_enabled=&#8220;0&#8243;]<\/p>\n<p>40 Jahre, Industriemechaniker<\/p>\n<p>&nbsp;<\/p>\n<p lang=\"de-DE\" align=\"left\"><strong><span style=\"color: #00519e;\">Was m\u00f6chtest Du f\u00fcr Queidersbach erreichen?<\/span><\/strong><\/p>\n<p>Ich m\u00f6chte mich f\u00fcr den Erhalt und Ausbau der Infrastruktur einsetzen.<\/p>\n<p lang=\"de-DE\" align=\"left\"><strong><span style=\"color: #00519e;\">Was ist dein Lieblingsort in Queidersbach?<\/span><\/strong><\/p>\n<p>Die Aussicht vom Lanzenberg nach Queidersbach.<\/p>\n<p>&nbsp;<\/p>\n<p>[\/et_pb_text][\/et_pb_column][et_pb_column type=&#8220;1_3&#8243; _builder_version=&#8220;4.16&#8243; custom_padding=&#8220;|||&#8220; global_colors_info=&#8220;{}&#8220; custom_padding__hover=&#8220;|||&#8220;][et_pb_search exclude_pages=&#8220;off&#8220; placeholder=&#8220;Suche&#8220; _builder_version=&#8220;4.16&#8243; z_index_tablet=&#8220;500&#8243; input_text_shadow_horizontal_length=&#8220;input_text_shadow_style,%91object Object%93&#8243; input_text_shadow_vertical_length=&#8220;input_text_shadow_style,%91object Object%93&#8243; input_text_shadow_blur_strength=&#8220;input_text_shadow_style,%91object Object%93&#8243; saved_tabs=&#8220;all&#8220; global_colors_info=&#8220;{}&#8220;][\/et_pb_search][et_pb_countdown_timer title=&#8220;Am 09. Juni ist Wahl!&#8220; date_time=&#8220;2024-06-09 08:00&#8243; _builder_version=&#8220;4.24.2&#8243; use_background_color=&#8220;off&#8220; use_background_color_gradient=&#8220;on&#8220; background_color_gradient_type=&#8220;circular&#8220; background_color_gradient_stops=&#8220;rgba(74,117,158,0.15) 15%|rgba(0,83,159,0.25) 100%&#8220; background_color_gradient_start=&#8220;rgba(74,117,158,0.15)&#8220; background_color_gradient_start_position=&#8220;15%&#8220; background_color_gradient_end=&#8220;rgba(0,83,159,0.25)&#8220; vertical_offset_tablet=&#8220;0&#8243; horizontal_offset_tablet=&#8220;0&#8243; text_orientation=&#8220;left&#8220; background_layout=&#8220;light&#8220; custom_padding=&#8220;20px|20px|20px|20px&#8220; z_index_tablet=&#8220;500&#8243; separator_text_shadow_horizontal_length_tablet=&#8220;0px&#8220; separator_text_shadow_vertical_length_tablet=&#8220;0px&#8220; separator_text_shadow_blur_strength_tablet=&#8220;1px&#8220; border_radii=&#8220;on|15px|15px|15px|15px&#8220; box_shadow_style=&#8220;preset2&#8243; global_module=&#8220;223&#8243; saved_tabs=&#8220;all&#8220; global_colors_info=&#8220;{}&#8220;][\/et_pb_countdown_timer][et_pb_text admin_label=&#8220;Kontakt&#8220; _builder_version=&#8220;4.16&#8243; use_background_color_gradient=&#8220;on&#8220; background_color_gradient_type=&#8220;circular&#8220; background_color_gradient_stops=&#8220;rgba(74,117,158,0.15) 15%|rgba(0,83,159,0.25) 100%&#8220; background_color_gradient_start=&#8220;rgba(74,117,158,0.15)&#8220; background_color_gradient_start_position=&#8220;15%&#8220; background_color_gradient_end=&#8220;rgba(0,83,159,0.25)&#8220; custom_margin=&#8220;||20px|&#8220; custom_padding=&#8220;20px|20px|20px|20px&#8220; background_color_gradient_stops_tablet=&#8220;rgba(74,117,158,0.15) 15%|rgba(0,83,159,0.25) 100%&#8220; background_color_gradient_stops_phone=&#8220;rgba(74,117,158,0.15) 15%|rgba(0,83,159,0.25) 100%&#8220; z_index_tablet=&#8220;500&#8243; border_radii=&#8220;on|15px|15px|15px|15px&#8220; box_shadow_style=&#8220;preset2&#8243; global_module=&#8220;224&#8243; saved_tabs=&#8220;all&#8220; global_colors_info=&#8220;{}&#8220;]<\/p>\n<h3><span style=\"color: #000000;\">Kontakt zur FWG<\/span><\/h3>\n<p><span style=\"color: #000000;\">FWG \u2013 Freie W\u00e4hlergruppe Ortsgemeinde Queidersbach e.V.<br \/>J\u00fcrgen Schmitt<br \/>Zum Woogacker 48<br \/>66851 Queidersbach<br \/>E-Mail: ju-sch@kabelmail.de<br \/><\/span><\/p>\n<p>[\/et_pb_text][\/et_pb_column][\/et_pb_row][\/et_pb_section]<\/p>\n","protected":false},"excerpt":{"rendered":"<p>40 Jahre, Industriemechaniker &nbsp; Was m\u00f6chtest Du f\u00fcr Queidersbach erreichen? Ich m\u00f6chte mich f\u00fcr den Erhalt und Ausbau der Infrastruktur einsetzen. Was ist dein Lieblingsort in Queidersbach? Die Aussicht vom Lanzenberg nach Queidersbach. &nbsp;Kontakt zur FWG FWG \u2013 Freie W\u00e4hlergruppe Ortsgemeinde Queidersbach e.V.J\u00fcrgen SchmittZum Woogacker 4866851 QueidersbachE-Mail: ju-sch@kabelmail.de<\/p>\n","protected":false},"author":1,"featured_media":414,"comment_status":"closed","ping_status":"open","sticky":false,"template":"","format":"standard","meta":{"_et_pb_use_builder":"on","_et_pb_old_content":"","_et_gb_content_width":"","footnotes":""},"categories":[7],"tags":[],"class_list":["post-393","post","type-post","status-publish","format-standard","has-post-thumbnail","hentry","category-kandidaten-zur-kommunalwahl-2024"],"_links":{"self":[{"href":"https:\/\/fwg-vg-landstuhl.de\/queidersbach\/wp-json\/wp\/v2\/posts\/393","targetHints":{"allow":["GET"]}}],"collection":[{"href":"https:\/\/fwg-vg-landstuhl.de\/queidersbach\/wp-json\/wp\/v2\/posts"}],"about":[{"href":"https:\/\/fwg-vg-landstuhl.de\/queidersbach\/wp-json\/wp\/v2\/types\/post"}],"author":[{"embeddable":true,"href":"https:\/\/fwg-vg-landstuhl.de\/queidersbach\/wp-json\/wp\/v2\/users\/1"}],"replies":[{"embeddable":true,"href":"https:\/\/fwg-vg-landstuhl.de\/queidersbach\/wp-json\/wp\/v2\/comments?post=393"}],"version-history":[{"count":4,"href":"https:\/\/fwg-vg-landstuhl.de\/queidersbach\/wp-json\/wp\/v2\/posts\/393\/revisions"}],"predecessor-version":[{"id":520,"href":"https:\/\/fwg-vg-landstuhl.de\/queidersbach\/wp-json\/wp\/v2\/posts\/393\/revisions\/520"}],"wp:featuredmedia":[{"embeddable":true,"href":"https:\/\/fwg-vg-landstuhl.de\/queidersbach\/wp-json\/wp\/v2\/media\/414"}],"wp:attachment":[{"href":"https:\/\/fwg-vg-landstuhl.de\/queidersbach\/wp-json\/wp\/v2\/media?parent=393"}],"wp:term":[{"taxonomy":"category","embeddable":true,"href":"https:\/\/fwg-vg-landstuhl.de\/queidersbach\/wp-json\/wp\/v2\/categories?post=393"},{"taxonomy":"post_tag","embeddable":true,"href":"https:\/\/fwg-vg-landstuhl.de\/queidersbach\/wp-json\/wp\/v2\/tags?post=393"}],"curies":[{"name":"wp","href":"https:\/\/api.w.org\/{rel}","templated":true}]}}